{"id":1026,"date":"2024-05-13T09:10:07","date_gmt":"2024-05-13T07:10:07","guid":{"rendered":"https:\/\/hernaniburujabe.eus\/?p=1026"},"modified":"2024-05-13T09:20:33","modified_gmt":"2024-05-13T07:20:33","slug":"los-miembros-de-herrilur-y-henase-abriran-una-nueva-tienda-en-karabeleko","status":"publish","type":"post","link":"https:\/\/hernaniburujabe.eus\/es\/2024\/05\/13\/los-miembros-de-herrilur-y-henase-abriran-una-nueva-tienda-en-karabeleko\/","title":{"rendered":"Los miembros de Herrilur y Henase abrir\u00e1n una nueva tienda en Karabeleko"},"content":{"rendered":"<p>Los miembros de Herrilur y de Henase abrir\u00e1n una nueva tienda en Karabeleko, que estar\u00e1 abastecida con productos locales y cercanos. Este proyecto pretende potenciar la venta de los mismos, y adem\u00e1s de las verduras de temporada, se podr\u00e1n comprar conservas o frutas.<br \/>\nTambi\u00e9n contar\u00e1 con un vivero (para vender plantas para los huertos), junto con muchos otros productos, siempre que estos sean locales. Por ello, se celebrar\u00e1 una fiesta de inauguraci\u00f3n el 17 de mayo a partir de las 18.00 horas en Karabelek.<\/p>\n<p>Asimismo, all\u00ed se mantendr\u00e1 el trabajo que Karabeleko realiza con personas con discapacidad mental; ya que se cree que es fundamental el trabajo que realizan estos. Ven este desaf\u00edo que est\u00e1n a punto de emprender como una oportunidad \u00fanica, como un paso m\u00e1s para dar impulso a la soberan\u00eda alimentaria. Al contrario, son conscientes de que el proyecto requiere de mucho trabajo, responsabilidad e implicaci\u00f3n. Por este motivo, y considerando el potencial del proyecto, los empleados de Herrilur y Henase<br \/>\nest\u00e1n dispuestos a realizar trabajo voluntario; en este sentido, y en un esfuerzo por lograr la participaci\u00f3n de la comunidad, quieren hacer un llamamiento a los socios para que pongan su granito de arena y participen en las actividades que se realizar\u00e1n en los pr\u00f3ximos d\u00edas y semanas.<\/p>\n<p>Para celebrar el inicio de este nuevo camino, realizar\u00e1n una fiesta de inauguraci\u00f3n de la tienda el 17 de mayo a partir de las 18:00. La fiesta estar\u00e1 ambientada con m\u00fasica; tambi\u00e9n habr\u00e1 juegos para los ni\u00f1os, y una merienda.<\/p>\n<p>En cuanto a la tienda, abrir\u00e1 sus puertas el pr\u00f3ximo 20 de mayo, y tendr\u00e1 el siguiente horario de atenci\u00f3n al cliente:<br \/>\nLunes: 9:30-19:00<br \/>\nMartes: 9:30 &#8211; 13:30 \/ 17:00 &#8211; 19:00<br \/>\nMi\u00e9rcoles: Cerrado<br \/>\nJueves: 9:30 &#8211; 13:30 \/ 17:00 &#8211; 19:00<br \/>\nViernes: 9:30-19:00<br \/>\nS\u00e1bado: 10:00-13:00<\/p>\n<p>&nbsp;<\/p>\n<p>&nbsp;<\/p>\n<p><img loading=\"lazy\" decoding=\"async\" class=\"alignnone size-full wp-image-1024\" src=\"https:\/\/hernaniburujabe.eus\/wp-content\/uploads\/2024\/05\/Denda-berriaren-inaugurazioa-2.jpg\" alt=\"\" width=\"1414\" height=\"2000\" \/><\/p>\n","protected":false},"excerpt":{"rendered":"<p>Los miembros de Herrilur y de Henase abrir\u00e1n una nueva tienda en Karabeleko, que estar\u00e1 abastecida con productos locales y cercanos. Este proyecto pretende potenciar la venta de los mismos, y adem\u00e1s de las verduras de temporada, se podr\u00e1n comprar conservas o frutas. Tambi\u00e9n contar\u00e1 con un vivero (para vender plantas para los huertos), junto&#8230;<\/p>\n","protected":false},"author":2,"featured_media":1021,"comment_status":"closed","ping_status":"closed","sticky":false,"template":"","format":"standard","meta":{"_acf_changed":false,"footnotes":""},"categories":[32],"tags":[],"class_list":["post-1026","post","type-post","status-publish","format-standard","has-post-thumbnail","hentry","category-alimentacion"],"acf":[],"_links":{"self":[{"href":"https:\/\/hernaniburujabe.eus\/es\/wp-json\/wp\/v2\/posts\/1026","targetHints":{"allow":["GET"]}}],"collection":[{"href":"https:\/\/hernaniburujabe.eus\/es\/wp-json\/wp\/v2\/posts"}],"about":[{"href":"https:\/\/hernaniburujabe.eus\/es\/wp-json\/wp\/v2\/types\/post"}],"author":[{"embeddable":true,"href":"https:\/\/hernaniburujabe.eus\/es\/wp-json\/wp\/v2\/users\/2"}],"replies":[{"embeddable":true,"href":"https:\/\/hernaniburujabe.eus\/es\/wp-json\/wp\/v2\/comments?post=1026"}],"version-history":[{"count":1,"href":"https:\/\/hernaniburujabe.eus\/es\/wp-json\/wp\/v2\/posts\/1026\/revisions"}],"predecessor-version":[{"id":1027,"href":"https:\/\/hernaniburujabe.eus\/es\/wp-json\/wp\/v2\/posts\/1026\/revisions\/1027"}],"wp:featuredmedia":[{"embeddable":true,"href":"https:\/\/hernaniburujabe.eus\/es\/wp-json\/wp\/v2\/media\/1021"}],"wp:attachment":[{"href":"https:\/\/hernaniburujabe.eus\/es\/wp-json\/wp\/v2\/media?parent=1026"}],"wp:term":[{"taxonomy":"category","embeddable":true,"href":"https:\/\/hernaniburujabe.eus\/es\/wp-json\/wp\/v2\/categories?post=1026"},{"taxonomy":"post_tag","embeddable":true,"href":"https:\/\/hernaniburujabe.eus\/es\/wp-json\/wp\/v2\/tags?post=1026"}],"curies":[{"name":"wp","href":"https:\/\/api.w.org\/{rel}","templated":true}]}}