{"id":1205,"date":"2024-09-16T17:00:00","date_gmt":"2024-09-16T15:00:00","guid":{"rendered":"https:\/\/hernaniburujabe.eus\/?p=1205"},"modified":"2024-09-16T17:00:00","modified_gmt":"2024-09-16T15:00:00","slug":"el-sector-alimentario-pondra-en-marcha-puntos-de-distribucion-de-alimentos-locales-en-los-barrios","status":"publish","type":"post","link":"https:\/\/hernaniburujabe.eus\/es\/2024\/09\/16\/el-sector-alimentario-pondra-en-marcha-puntos-de-distribucion-de-alimentos-locales-en-los-barrios\/","title":{"rendered":"El Sector Alimentario pondr\u00e1 en marcha puntos de distribuci\u00f3n de alimentos locales en los barrios"},"content":{"rendered":"<p align=\"justify\">El sector alimentario ha mostrado una vez m\u00e1s su deseo de aunar esfuerzos y colaborar. La semana pasada se reunieron en asamblea abierta representantes de HENASE, Herrilur, el Centro de Transformaci\u00f3n y del Ayuntamiento, principales agentes del sector, que han articulado sus actuaciones para iniciar el pr\u00f3ximo curso.<\/p>\n<p align=\"justify\">En la asamblea, valoraron la trayectoria del \u00faltimo a\u00f1o y aprobaron la planificaci\u00f3n y el presupuesto para el que viene. Siendo un sector interno de Hernani Burujabe, la asamblea abierta forma parte del proceso de toma de decisiones de la forma m\u00e1s democr\u00e1tica.<\/p>\n<p align=\"justify\">En este sentido, este a\u00f1o Hernani se ha acercado a los barrios de Burujabe para conocer cu\u00e1les son las necesidades de los vecinos. Los asistentes expresaron sus propuestas y as\u00ed, el sector alimentario las est\u00e1 analizando con el fin de llevarlas a cabo el pr\u00f3ximo curso. Por ejemplo, se pondr\u00e1n en marcha puntos de recogida de productos locales en los barrios.<\/p>\n<p align=\"justify\">Cada agente realiza una tarea en la cadena alimentaria. Para empezar, uno de los eslabones es la propia producci\u00f3n, de la que se encarga HENASE. En la actualidad, la asociaci\u00f3n agrupa a ocho agricultores y\/o ganaderos, pero su objetivo de cara al futuro es llegar a m\u00e1s \u00e1mbitos y ampliar la asociaci\u00f3n.<\/p>\n<p align=\"justify\">En este \u00faltimo curso, por ejemplo, se ha realizado un diagn\u00f3stico del sector primario, para lo que se han realizado 37 entrevistas para lograr una amplia visi\u00f3n. Este oto\u00f1o se presentan los resultados del diagn\u00f3stico.<\/p>\n<p align=\"justify\">Dentro de este primer eslab\u00f3n, la Escuela Agraria es responsable de ofrecer formaci\u00f3n a las personas en situaci\u00f3n de exclusi\u00f3n. Un camino de dos a\u00f1os en el que la valoraci\u00f3n hasta ahora es positiva. En esta edici\u00f3n han participado unas 12 personas.<\/p>\n<p align=\"justify\">Lo producido avanza en la cadena, que incluye el Centro de Transformaci\u00f3n y la asociaci\u00f3n para la promoci\u00f3n del consumo de productos locales Herrilur.<\/p>\n<p align=\"justify\">El Centro de Transformaci\u00f3n se encarga de transformar las materias primas para dejarlas listas para la distribuci\u00f3n de los productos. Entre otros, ofrecen el servicio de tupper Bertako. Han visto la necesidad de reforzar el equipo de la Cocina Central y desarrollar el proyecto, y para el pr\u00f3ximo curso est\u00e1 previsto destinar 50.000 euros del presupuesto a ello.<\/p>\n<p align=\"justify\">Por otro lado, Herrilur se encarga de difundir los productos producidos a los consumidores. Antes del verano se hizo cargo de una segunda tienda en Karabeleko, con la que est\u00e1n intentando seguir adelante. Herrilur cuenta con unos 150 socios y tiene como reto abrirse a m\u00e1s gente.<\/p>\n<p align=\"justify\">Por \u00faltimo, los y las representantes del Ayuntamiento han dado a conocer el plan de cintur\u00f3n agroecol\u00f3gico de Karabel. Se est\u00e1 redactando el Plan Especial de protecci\u00f3n de las tierras agr\u00edcolas de la ribera, para lo cual es necesario un estudio ambiental previo. A estos trabajos se les ha asignado un presupuesto de 30.000 euros.<\/p>\n<p align=\"justify\">En total, se han previsto 135.000 euros para el sector alimentario.<\/p>\n","protected":false},"excerpt":{"rendered":"<p>El sector alimentario ha mostrado una vez m\u00e1s su deseo de aunar esfuerzos y colaborar. La semana pasada se reunieron en asamblea abierta representantes de HENASE, Herrilur, el Centro de Transformaci\u00f3n y del Ayuntamiento, principales agentes del sector, que han articulado sus actuaciones para iniciar el pr\u00f3ximo curso. En la asamblea, valoraron la trayectoria del&#8230;<\/p>\n","protected":false},"author":2,"featured_media":1203,"comment_status":"closed","ping_status":"closed","sticky":false,"template":"","format":"standard","meta":{"_acf_changed":false,"footnotes":""},"categories":[32],"tags":[76],"class_list":["post-1205","post","type-post","status-publish","format-standard","has-post-thumbnail","hentry","category-alimentacion","tag-alimentacion"],"acf":[],"_links":{"self":[{"href":"https:\/\/hernaniburujabe.eus\/es\/wp-json\/wp\/v2\/posts\/1205","targetHints":{"allow":["GET"]}}],"collection":[{"href":"https:\/\/hernaniburujabe.eus\/es\/wp-json\/wp\/v2\/posts"}],"about":[{"href":"https:\/\/hernaniburujabe.eus\/es\/wp-json\/wp\/v2\/types\/post"}],"author":[{"embeddable":true,"href":"https:\/\/hernaniburujabe.eus\/es\/wp-json\/wp\/v2\/users\/2"}],"replies":[{"embeddable":true,"href":"https:\/\/hernaniburujabe.eus\/es\/wp-json\/wp\/v2\/comments?post=1205"}],"version-history":[{"count":1,"href":"https:\/\/hernaniburujabe.eus\/es\/wp-json\/wp\/v2\/posts\/1205\/revisions"}],"predecessor-version":[{"id":1206,"href":"https:\/\/hernaniburujabe.eus\/es\/wp-json\/wp\/v2\/posts\/1205\/revisions\/1206"}],"wp:featuredmedia":[{"embeddable":true,"href":"https:\/\/hernaniburujabe.eus\/es\/wp-json\/wp\/v2\/media\/1203"}],"wp:attachment":[{"href":"https:\/\/hernaniburujabe.eus\/es\/wp-json\/wp\/v2\/media?parent=1205"}],"wp:term":[{"taxonomy":"category","embeddable":true,"href":"https:\/\/hernaniburujabe.eus\/es\/wp-json\/wp\/v2\/categories?post=1205"},{"taxonomy":"post_tag","embeddable":true,"href":"https:\/\/hernaniburujabe.eus\/es\/wp-json\/wp\/v2\/tags?post=1205"}],"curies":[{"name":"wp","href":"https:\/\/api.w.org\/{rel}","templated":true}]}}