{"id":1368,"date":"2024-11-14T09:48:24","date_gmt":"2024-11-14T08:48:24","guid":{"rendered":"https:\/\/hernaniburujabe.eus\/?p=1368"},"modified":"2024-11-14T09:53:42","modified_gmt":"2024-11-14T08:53:42","slug":"los-parques-eolicos-que-pretenden-construir-en-terrenos-de-hernani-no-son-admisibles-asi-no","status":"publish","type":"post","link":"https:\/\/hernaniburujabe.eus\/es\/2024\/11\/14\/los-parques-eolicos-que-pretenden-construir-en-terrenos-de-hernani-no-son-admisibles-asi-no\/","title":{"rendered":"Los parques e\u00f3licos que pretenden construir en terrenos de Hernani no son admisibles. As\u00ed no."},"content":{"rendered":"<p>A prop\u00f3sito de los parques e\u00f3licos que pretenden construir en Hernani y en el valle del Urumea, Hernani Burujabe quiere hacer la siguiente lectura, aclarando en primer lugar que, por las razones que se van a citar en este texto, los proyectos no le parecen aceptables.<\/p>\n<p>Estamos en una situaci\u00f3n de emergencia clim\u00e1tica, la p\u00e9rdida de biodiversidad y el deterioro del patrimonio natural est\u00e1n inmersos en un proceso irreversible y debemos tomar medidas para favorecer la descarbonizaci\u00f3n. Tenemos que apostar por las fuentes renovables para sustituir las energ\u00edas f\u00f3siles.<\/p>\n<p>La dependencia energ\u00e9tica de Euskal Herria es muy alta (90% en la CAPV). La energ\u00eda la traemos de fuera y tiene su origen sobre todo en energ\u00edas f\u00f3siles.<\/p>\n<p>Hernani tambi\u00e9n genera una parte muy peque\u00f1a de la energ\u00eda que consume. Esto significa que estamos muy lejos de la soberan\u00eda, por lo que tenemos que hacer apuestas para generar energ\u00eda. Y es que para traer energ\u00eda a Hernani hay otros lugares donde \u00e9sta se genera, y en ellos se producen consecuencias. En cualquier caso, no podemos seguir con este sistema que se basa en el saqueo y el despilfarro, ya que estamos traspasando las l\u00edneas rojas que nuestro planeta puede soportar. Tenemos que ir hacia el decrecimiento.<\/p>\n<p>Aunque apostemos por las energ\u00edas renovables, si no queremos estar rodeados de proyectos de generaci\u00f3n de energ\u00eda, el decrecimiento es imprescindible. Gastamos mucho m\u00e1s de lo que nuestro planeta puede darnos.<\/p>\n<p>Sin embargo, ser\u00e1 necesario generar energ\u00eda y maximizar la soberan\u00eda sobre estas fuentes. La soberan\u00eda es que la energ\u00eda que nosotros consumimos la generemos nosotros mismos. Para ello, las comunidades energ\u00e9ticas, como la Enherkom que tenemos en Hernani, son tan necesarias, pero tambi\u00e9n ser\u00e1 imprescindible la implicaci\u00f3n del sector p\u00fablico.<\/p>\n<p>Dicho esto, hay que tener en cuenta que las centrales e\u00f3licas que se pretenden instalar en Hernani y en el valle del Urumea presentan una serie de caracter\u00edsticas:<\/p>\n<p>&#8211; No responden a una planificaci\u00f3n territorial o a una planificaci\u00f3n p\u00fablica. Es m\u00e1s, seg\u00fan la documentaci\u00f3n presentada por el momento, no existe una ubicaci\u00f3n para estas instalaciones e\u00f3licas\u00a0 en el Plan Territorial Sectorial de Energ\u00edas Renovables que est\u00e1 elaborando el Gobierno Vasco.<\/p>\n<p>&#8211; A la hora de decidir el emplazamiento de las instalaciones, en nombre de la eficiencia energ\u00e9tica, la rentabilidad econ\u00f3mica de los proyectos se antepone a la riqueza natural y arqueol\u00f3gica de nuestros montes. En este caso, los proyectos incidir\u00edan en \u00e1mbitos de gran valor desde estos puntos de vista y la ciudadan\u00eda no ha tenido ni la oportunidad de debatir antes de que la propuesta fuera puesta sobre la mesa. A continuaci\u00f3n se realizan los estudios de impacto ambiental, por imperativo legal.<\/p>\n<p>-Los proyectos vienen de la mano de las multinacionales energ\u00e9ticas que conocemos y para las cuales no es prioritario garantizar el equilibrio entre estos factores, sino aumentar sus tasas de ganancia.<\/p>\n<p>-En algunos casos sabemos que su \u00e1mbito de trabajo est\u00e1 fundamentalmente en las energ\u00edas f\u00f3siles, por lo que m\u00e1s que sustituir las energ\u00edas f\u00f3siles por renovables, lo que buscan es aumentar el volumen de negocio con renovables y obtener mayores beneficios.<\/p>\n<p>Para llevar a cabo proyectos e\u00f3licos consideramos imprescindible trabajar los proyectos conjuntamente con la ciudadan\u00eda y los agentes p\u00fablicos. En este caso, y aun sin conocer del todo cu\u00e1les son las intenciones de las empresas de cara al futuro, este requisito no se cumple. Creemos que la ciudadan\u00eda debe poder decidir.<\/p>\n<p>Hay que buscar la manera de garantizar la participaci\u00f3n ciudadana en la dimensi\u00f3n, ubicaci\u00f3n, dise\u00f1o y gesti\u00f3n desde el origen del proyecto. La propiedad de las centrales e\u00f3licas o renovables tambi\u00e9n debe contar con la participaci\u00f3n de la ciudadan\u00eda, condici\u00f3n que en este caso no vemos garantizada.<\/p>\n<p>Hernani Burujabe tambi\u00e9n quiere mostrar su compromiso para actuar como agente activo en este proceso. Sin embargo, entendemos que dado que los parques e\u00f3licos que se pretenden construir en terrenos de Hernani no cumplen con los requisitos anteriormente mencionados, no nos parecen aceptables.<\/p>\n","protected":false},"excerpt":{"rendered":"<p>A prop\u00f3sito de los parques e\u00f3licos que pretenden construir en Hernani y en el valle del Urumea, Hernani Burujabe quiere hacer la siguiente lectura, aclarando en primer lugar que, por las razones que se van a citar en este texto, los proyectos no le parecen aceptables. Estamos en una situaci\u00f3n de emergencia clim\u00e1tica, la p\u00e9rdida&#8230;<\/p>\n","protected":false},"author":2,"featured_media":1372,"comment_status":"closed","ping_status":"closed","sticky":false,"template":"","format":"standard","meta":{"_acf_changed":false,"footnotes":""},"categories":[28,65],"tags":[130,73,109,80],"class_list":["post-1368","post","type-post","status-publish","format-standard","has-post-thumbnail","hentry","category-biodiversidad","category-energia-es","tag-bidea-es","tag-enherkom","tag-eolicos","tag-sagarreta-es"],"acf":[],"_links":{"self":[{"href":"https:\/\/hernaniburujabe.eus\/es\/wp-json\/wp\/v2\/posts\/1368","targetHints":{"allow":["GET"]}}],"collection":[{"href":"https:\/\/hernaniburujabe.eus\/es\/wp-json\/wp\/v2\/posts"}],"about":[{"href":"https:\/\/hernaniburujabe.eus\/es\/wp-json\/wp\/v2\/types\/post"}],"author":[{"embeddable":true,"href":"https:\/\/hernaniburujabe.eus\/es\/wp-json\/wp\/v2\/users\/2"}],"replies":[{"embeddable":true,"href":"https:\/\/hernaniburujabe.eus\/es\/wp-json\/wp\/v2\/comments?post=1368"}],"version-history":[{"count":2,"href":"https:\/\/hernaniburujabe.eus\/es\/wp-json\/wp\/v2\/posts\/1368\/revisions"}],"predecessor-version":[{"id":1370,"href":"https:\/\/hernaniburujabe.eus\/es\/wp-json\/wp\/v2\/posts\/1368\/revisions\/1370"}],"wp:featuredmedia":[{"embeddable":true,"href":"https:\/\/hernaniburujabe.eus\/es\/wp-json\/wp\/v2\/media\/1372"}],"wp:attachment":[{"href":"https:\/\/hernaniburujabe.eus\/es\/wp-json\/wp\/v2\/media?parent=1368"}],"wp:term":[{"taxonomy":"category","embeddable":true,"href":"https:\/\/hernaniburujabe.eus\/es\/wp-json\/wp\/v2\/categories?post=1368"},{"taxonomy":"post_tag","embeddable":true,"href":"https:\/\/hernaniburujabe.eus\/es\/wp-json\/wp\/v2\/tags?post=1368"}],"curies":[{"name":"wp","href":"https:\/\/api.w.org\/{rel}","templated":true}]}}