{"id":1425,"date":"2024-11-29T17:03:12","date_gmt":"2024-11-29T16:03:12","guid":{"rendered":"https:\/\/hernaniburujabe.eus\/?p=1425"},"modified":"2024-12-10T14:20:08","modified_gmt":"2024-12-10T13:20:08","slug":"parques-eolicos-en-urumea","status":"publish","type":"post","link":"https:\/\/hernaniburujabe.eus\/es\/2024\/11\/29\/parques-eolicos-en-urumea\/","title":{"rendered":"\u00bfParques e\u00f3licos en Urumea? Cr\u00f3nica"},"content":{"rendered":"<p>En la mesa redonda celebrada el jueves, Alain Arruti, miembro de Euskal Herria Bizirik, y a Aritz Otxandiano, miembro de la comunidad energ\u00e9tica de Otxandio, trataton varios puntos que sugieren los proyectos e\u00f3licos que pretenden hacer en Urumea. Con la dinamizaci\u00f3n de la periodista Irati Sarasua, contextualizaron el tema de los parques e\u00f3licos, en una sala abarrotada de gente en Sandiusterri, Hernani.<\/p>\n<p>Los dos ponentes coincidieron en el horizonte: el objetivo urgente es dar respuesta a la crisis clim\u00e1tica. Pero tomaron caminos diferentes a la hora de mirar hacia el objetivo.<\/p>\n<p>Otxandiano ha insistido en la necesidad de una transici\u00f3n hacia las fuentes de energ\u00eda renovables, pero no \u00abbajo cualquier condici\u00f3n\u00bb. Defendi\u00f3 que la transici\u00f3n energ\u00e9tica est\u00e1 dando sus frutos: \u00abCada fuente de energ\u00eda renovable sustituye a una fuente f\u00f3sil\u00bb. Coment\u00f3, por ejemplo, que en Navarra se produce la mayor parte de la energ\u00eda que se consume, gracias a las renovables.<\/p>\n<p>En cuanto a las condiciones, quiso dejar claro que \u00abla ciudadan\u00eda tiene que tener desde un principio parte del proceso, y que debe tener\u00a0 capacidad de decisi\u00f3n, y que para ello hay que iniciar di\u00e1logo.<\/p>\n<p>Otxandiano tambi\u00e9n hizo referencia a la ubicaci\u00f3n que ocupan los proyectos e\u00f3licos y destac\u00f3 que es fundamental actuar en funci\u00f3n de un diagn\u00f3stico que analice la biodiversidad. \u00abEn los proyectos que presentaron para la zona de Otxandio, por ejemplo, se notaba que la empresa ni siquiera se hab\u00eda acercado al lugar. Quer\u00edan poner a un e\u00f3lico en medio de un hayedo\u00bb.<\/p>\n<p>Arruti, sin embargo, no ve claro la trascendencia que pueden tener los proyectos e\u00f3licos locales ante una crisis clim\u00e1tica de escala universal. No ve viable el s\u00ed a los proyectos e\u00f3licos sin una planificaci\u00f3n estrat\u00e9gica estructural.<\/p>\n<p>A\u00f1adi\u00f3 que esa estrategia debe ser pol\u00edtica, que planifique la producci\u00f3n y no tanto la energ\u00eda. \u00abHasta hace poco la temperatura de la tierra no pod\u00eda subir m\u00e1s de 1,5 grados; ahora, se ha visto que no vamos a cumplir el objetivo. No hay suficiente voluntad pol\u00edtica \u00ab.<\/p>\n<p>El miembro de EH Bizirik tambi\u00e9n se refiri\u00f3 a los m\u00e9todos de funcionamiento de las empresas multinacionales y ha recordado el caso de Urola. Se abrieron di\u00e1logos en el proyecto e\u00f3lico Piaspe, pero que, una vez que los ciudadanos se negaron, los poderes econ\u00f3micos insistieron para avanzar con los e\u00f3licos, seg\u00fan dijo Arruti: \u00abLos ciudadanos no tenemos capacidad real para exigir nada ante estas empresas\u00bb.<\/p>\n<p><strong>De peque\u00f1o a m\u00e1s, o al rev\u00e9s<\/strong><\/p>\n<p>Ambos hablaron tambi\u00e9n del concepto de decrecimiento. Coinciden en que hay que poner freno a esta sociedad que vive por encima de la biocapacidad.<\/p>\n<p>Otxandiano hizo un llamamiento a la implicaci\u00f3n ciudadana y lanz\u00f3 la pregunta: \u00ab\u00bfA qu\u00e9 estamos dispuestos a renunciar?\u00bb. Asimismo, destac\u00f3 la importancia de las iniciativas pol\u00edticas, como las pol\u00edticas de refuerzo del transporte p\u00fablico.<\/p>\n<p>Arruti no coincidi\u00f3 con su interlocutor en este punto, sino que reiter\u00f3 la idea de que hay que levantar la mirada a la generalidad: \u00abHacen falta implicaciones locales, pero hay que mirar a la escala general\u00bb. Puso como ejemplo que s\u00f3lo el Ministerio de Defensa de EE. UU. contamina m\u00e1s que varios pa\u00edses.<\/p>\n<p>Hacia el final de la mesa redonda hizieron un gui\u00f1o a la soberan\u00eda. Ambos consideran que la soberan\u00eda energ\u00e9tica es uno de los conceptos clave para cualquier territorio.<\/p>\n<p>Para Arruti, tambi\u00e9n en este caso, el t\u00e9rmino soberan\u00eda tiene m\u00e1s de pol\u00edtico que de energ\u00e9tico. \u00abCon las multinacionales de por medio poca soberan\u00eda habr\u00e1; tenemos que responderles de forma colectiva. La clave no son las comunidades econ\u00f3micas, sino la organizaci\u00f3n pol\u00edtica\u00bb.<\/p>\n<p>Otxandiano, sin embargo, cree que a trav\u00e9s de las comunidades se puede conseguir jugar en parte fuera de la l\u00f3gica de mercado. Sin embargo, con la inversi\u00f3n que exige la transici\u00f3n, cree que son necesarias las empresas promotoras: \u00abLo que hay que provocar es que consigamos quitarles a las multinacionales la mayor parte de la propiedad\u201d.<\/p>\n","protected":false},"excerpt":{"rendered":"<p>En la mesa redonda celebrada el jueves, Alain Arruti, miembro de Euskal Herria Bizirik, y a Aritz Otxandiano, miembro de la comunidad energ\u00e9tica de Otxandio, trataton varios puntos que sugieren los proyectos e\u00f3licos que pretenden hacer en Urumea. Con la dinamizaci\u00f3n de la periodista Irati Sarasua, contextualizaron el tema de los parques e\u00f3licos, en una&#8230;<\/p>\n","protected":false},"author":2,"featured_media":1423,"comment_status":"closed","ping_status":"closed","sticky":false,"template":"","format":"standard","meta":{"_acf_changed":false,"footnotes":""},"categories":[28,29],"tags":[],"class_list":["post-1425","post","type-post","status-publish","format-standard","has-post-thumbnail","hentry","category-biodiversidad","category-energia-2"],"acf":[],"_links":{"self":[{"href":"https:\/\/hernaniburujabe.eus\/es\/wp-json\/wp\/v2\/posts\/1425","targetHints":{"allow":["GET"]}}],"collection":[{"href":"https:\/\/hernaniburujabe.eus\/es\/wp-json\/wp\/v2\/posts"}],"about":[{"href":"https:\/\/hernaniburujabe.eus\/es\/wp-json\/wp\/v2\/types\/post"}],"author":[{"embeddable":true,"href":"https:\/\/hernaniburujabe.eus\/es\/wp-json\/wp\/v2\/users\/2"}],"replies":[{"embeddable":true,"href":"https:\/\/hernaniburujabe.eus\/es\/wp-json\/wp\/v2\/comments?post=1425"}],"version-history":[{"count":2,"href":"https:\/\/hernaniburujabe.eus\/es\/wp-json\/wp\/v2\/posts\/1425\/revisions"}],"predecessor-version":[{"id":1435,"href":"https:\/\/hernaniburujabe.eus\/es\/wp-json\/wp\/v2\/posts\/1425\/revisions\/1435"}],"wp:featuredmedia":[{"embeddable":true,"href":"https:\/\/hernaniburujabe.eus\/es\/wp-json\/wp\/v2\/media\/1423"}],"wp:attachment":[{"href":"https:\/\/hernaniburujabe.eus\/es\/wp-json\/wp\/v2\/media?parent=1425"}],"wp:term":[{"taxonomy":"category","embeddable":true,"href":"https:\/\/hernaniburujabe.eus\/es\/wp-json\/wp\/v2\/categories?post=1425"},{"taxonomy":"post_tag","embeddable":true,"href":"https:\/\/hernaniburujabe.eus\/es\/wp-json\/wp\/v2\/tags?post=1425"}],"curies":[{"name":"wp","href":"https:\/\/api.w.org\/{rel}","templated":true}]}}