{"id":1482,"date":"2025-01-24T09:27:40","date_gmt":"2025-01-24T08:27:40","guid":{"rendered":"https:\/\/hernaniburujabe.eus\/?p=1482"},"modified":"2025-01-24T09:27:40","modified_gmt":"2025-01-24T08:27:40","slug":"asamblea-general-del-grupo-comunitario-bidea","status":"publish","type":"post","link":"https:\/\/hernaniburujabe.eus\/es\/2025\/01\/24\/asamblea-general-del-grupo-comunitario-bidea\/","title":{"rendered":"Asamblea general del grupo comunitario Bidea"},"content":{"rendered":"<p>El pr\u00f3ximo jueves, 30 de enero, el grupo comunitario Bidea celebrar\u00e1 su asamblea general. Es el tercer a\u00f1o que organizan esta cita con la ciudadan\u00eda.<\/p>\n<p>Hernani Burujabe tiene tres v\u00e9rtices (econ\u00f3mico, administrativo y ciudadano), y por ello es importante hacer pedagog\u00eda sobre la soberan\u00eda y formar una comunidad fuerte. Porque uno de los objetivos de Bidea es dotar de profundidad pol\u00edtica y visi\u00f3n estrat\u00e9gica a Hernani Burujabe. La asamblea ser\u00e1 una oportunidad para centrarse en estos aspectos.<\/p>\n<p>Los agentes integrados en Hernani Burujabe est\u00e1n inmersos en un proceso de planificaci\u00f3n durante todo el a\u00f1o que permite abrir las puertas a la ciudadan\u00eda a participar en cada paso. La asamblea tambi\u00e9n forma parte de ella, un ejercicio de transparencia de Bidea y una reuni\u00f3n para emprender de forma conjunta.<\/p>\n<p>Por lo tanto, en la reuni\u00f3n que se celebrar\u00e1 el 30 de enero se explicar\u00e1 en qu\u00e9 est\u00e1 trabajando el grupo comunitario, qu\u00e9 conclusiones ha sacado de lo que ha hecho hasta ahora y cu\u00e1l es la estrategia de cara al futuro. Tambi\u00e9n se garantizar\u00e1 la participaci\u00f3n de los asistentes.<\/p>\n<p>La cita ser\u00e1 el jueves 30 de enero a las 18:30 horas en Burujabetzen Etxea.<\/p>\n","protected":false},"excerpt":{"rendered":"<p>El pr\u00f3ximo jueves, 30 de enero, el grupo comunitario Bidea celebrar\u00e1 su asamblea general. Es el tercer a\u00f1o que organizan esta cita con la ciudadan\u00eda. Hernani Burujabe tiene tres v\u00e9rtices (econ\u00f3mico, administrativo y ciudadano), y por ello es importante hacer pedagog\u00eda sobre la soberan\u00eda y formar una comunidad fuerte. Porque uno de los objetivos de&#8230;<\/p>\n","protected":false},"author":2,"featured_media":1457,"comment_status":"closed","ping_status":"closed","sticky":false,"template":"","format":"standard","meta":{"_acf_changed":false,"footnotes":""},"categories":[3],"tags":[],"class_list":["post-1482","post","type-post","status-publish","format-standard","has-post-thumbnail","hentry","category-sin-categorizar"],"acf":[],"_links":{"self":[{"href":"https:\/\/hernaniburujabe.eus\/es\/wp-json\/wp\/v2\/posts\/1482","targetHints":{"allow":["GET"]}}],"collection":[{"href":"https:\/\/hernaniburujabe.eus\/es\/wp-json\/wp\/v2\/posts"}],"about":[{"href":"https:\/\/hernaniburujabe.eus\/es\/wp-json\/wp\/v2\/types\/post"}],"author":[{"embeddable":true,"href":"https:\/\/hernaniburujabe.eus\/es\/wp-json\/wp\/v2\/users\/2"}],"replies":[{"embeddable":true,"href":"https:\/\/hernaniburujabe.eus\/es\/wp-json\/wp\/v2\/comments?post=1482"}],"version-history":[{"count":1,"href":"https:\/\/hernaniburujabe.eus\/es\/wp-json\/wp\/v2\/posts\/1482\/revisions"}],"predecessor-version":[{"id":1483,"href":"https:\/\/hernaniburujabe.eus\/es\/wp-json\/wp\/v2\/posts\/1482\/revisions\/1483"}],"wp:featuredmedia":[{"embeddable":true,"href":"https:\/\/hernaniburujabe.eus\/es\/wp-json\/wp\/v2\/media\/1457"}],"wp:attachment":[{"href":"https:\/\/hernaniburujabe.eus\/es\/wp-json\/wp\/v2\/media?parent=1482"}],"wp:term":[{"taxonomy":"category","embeddable":true,"href":"https:\/\/hernaniburujabe.eus\/es\/wp-json\/wp\/v2\/categories?post=1482"},{"taxonomy":"post_tag","embeddable":true,"href":"https:\/\/hernaniburujabe.eus\/es\/wp-json\/wp\/v2\/tags?post=1482"}],"curies":[{"name":"wp","href":"https:\/\/api.w.org\/{rel}","templated":true}]}}