{"id":1624,"date":"2025-03-13T14:34:00","date_gmt":"2025-03-13T13:34:00","guid":{"rendered":"https:\/\/hernaniburujabe.eus\/?p=1624"},"modified":"2025-03-14T08:45:16","modified_gmt":"2025-03-14T07:45:16","slug":"la-mesa-redonda-sobre-el-decrecimiento-a-causado-gran-interes","status":"publish","type":"post","link":"https:\/\/hernaniburujabe.eus\/es\/2025\/03\/13\/la-mesa-redonda-sobre-el-decrecimiento-a-causado-gran-interes\/","title":{"rendered":"La mesa redonda sobre el decrecimiento ha causado gran inter\u00e9s"},"content":{"rendered":"<p><span style=\"font-weight: 400;\">La sala de Sandiusterri se llen\u00f3 de gente gracias al inter\u00e9s que despert\u00f3 la mesa redonda sobre el decrecimiento y el consumo energ\u00e9tico. El responsable del sector de la energ\u00eda de Debagoiena 2030, Aritz Ameztegi, y el profesor de la UPV y miembro de Jauzi Ekosoziala, Jokin Bergara, intentaron dar una panor\u00e1mica de la crisis ecosocial y energ\u00e9tica que vivimos. En el debate dinamizado por Amagoia Mujika Telleria, periodista de GARA, cuestionaron el modelo que nos ha tra\u00eddo a esta situaci\u00f3n y desgranaron las soluciones que se pueden tomar ante ello y las posibilidades que existen. Se acercaron 80 personas a la cita.<\/span><\/p>\n<p><span style=\"font-weight: 400;\">Bergara habl\u00f3 en t\u00e9rminos m\u00e1s te\u00f3ricos, mientras que Ameztegi trat\u00f3 de explicar el camino pr\u00e1ctico que se est\u00e1 llevando a cabo en Debagoiena. Insistieron en la necesidad de que la sociedad intente reducir al m\u00e1ximo el impacto de la crisis clim\u00e1tica, al considerar que cada d\u00e9cima de grado que no sube la temperatura global del planeta es de gran importancia.<\/span><\/p>\n<p><span style=\"font-weight: 400;\">Ameztegi explic\u00f3 las caracter\u00edsticas del proyecto Debagoiena 2030 y los objetivos que persiguen, esto es que la econom\u00eda de la comarca se convierta en carbono neutral en las pr\u00f3ximas d\u00e9cadas. En este proyecto se unen varios ayuntamientos, cooperativas y asociaciones de la comarca con el objetivo de realizar conjuntamente la transici\u00f3n energ\u00e9tica.\u00a0<\/span><\/p>\n<p><span style=\"font-weight: 400;\">Para que el consumo actual sea libre de carbono, Ameztegi habl\u00f3 de las instalaciones renovables que necesitar\u00eda la comarca: 45 cascadas como la de O\u00f1ati, 9 parques e\u00f3licos como el de Elgea o 544 instalaciones fotovoltaicas como el de Ekiola en Arrasate (1,2 megavatios y una hect\u00e1rea de extensi\u00f3n).<\/span><\/p>\n<p><span style=\"font-weight: 400;\">Se pusieron en marcha en 2019 y el primer trabajo fue aclarar cu\u00e1l es la realidad del consumo energ\u00e9tico de la comarca. Ah\u00ed vieron cu\u00e1les son los sectores que tienen un mayor consumo: transporte e industria. En todos los casos, la mayor parte del consumo procede de combustibles f\u00f3siles que generan el cambio clim\u00e1tico.<\/span><\/p>\n<p><span style=\"font-weight: 400;\">En las pr\u00f3ximas d\u00e9cadas han visto la necesidad de reducir estos consumos y tambi\u00e9n transformar lo consumido de los combustible f\u00f3siles\u00a0 en energ\u00eda el\u00e9ctrica, y est\u00e1n estudiando c\u00f3mo hacerlo. No obstante, y pese a reducir el consumo actual en torno al 40%, indic\u00f3 que habr\u00e1 una necesidad de energ\u00eda a satisfacer, y para decidir c\u00f3mo cubrirla, apunt\u00f3 varias opciones: importar energ\u00eda del exterior, hacer peque\u00f1as centrales nucleares o hacer instalaciones renovables, entre otras.<\/span><\/p>\n<p><strong>Dar una alternativa desde el movimiento ecol\u00f3gista<\/strong><\/p>\n<p><span style=\"font-weight: 400;\">Jokin Bergara destac\u00f3 la necesidad del decrecimiento y describi\u00f3 la crisis ecosocial como uno de los principales retos de Euskal Herria como pueblo. Tambi\u00e9n hizo hincapi\u00e9 en la responsabilidad del ecologismo, ya que hasta ahora su tarea ha sido principalmente el dar la negativa a proyectos concretos y eso le ha dotado de una fuerte identidad. En esta ocasi\u00f3n, sin embargo, a\u00f1adi\u00f3, tienen la necesidad de dar alguna alternativa, porque no basta con decir &#8216;no&#8217; a lo que hay. Y por supuesto, esta \u00faltima funci\u00f3n es m\u00e1s dif\u00edcil que una simple negativa.<\/span><\/p>\n<p><span style=\"font-weight: 400;\">Adem\u00e1s, se refiri\u00f3 a la necesidad de cambiar algunos h\u00e1bitos socialmente establecidos y, en muchas ocasiones, en este sistema neoliberal e individualista, la ciudadan\u00eda no se siente demasiado bien al limitarle ciertas actividades: la velocidad de los coches, el n\u00famero de vuelos&#8230; Tambi\u00e9n cit\u00f3 ejemplos como el debate social que hubo en Gipuzkoa en torno a la recogida de residuos.<\/span><\/p>\n<p><span style=\"font-weight: 400;\">A\u00f1adi\u00f3 tambi\u00e9n los obst\u00e1culos adicionales que tiene Euskal Herria para hacer la transici\u00f3n: la falta de Estado, por ejemplo, provoca una gran dificultad para planificar los procesos. Tambi\u00e9n, que el sector energ\u00e9tico este totalmente fuera del \u00e1mbito p\u00fablico lo ve como un claro obst\u00e1culo. No obstante, subray\u00f3 la importancia de intentarlo.<\/span><\/p>\n","protected":false},"excerpt":{"rendered":"<p>La sala de Sandiusterri se llen\u00f3 de gente gracias al inter\u00e9s que despert\u00f3 la mesa redonda sobre el decrecimiento y el consumo energ\u00e9tico. El responsable del sector de la energ\u00eda de Debagoiena 2030, Aritz Ameztegi, y el profesor de la UPV y miembro de Jauzi Ekosoziala, Jokin Bergara, intentaron dar una panor\u00e1mica de la crisis&#8230;<\/p>\n","protected":false},"author":2,"featured_media":1618,"comment_status":"closed","ping_status":"closed","sticky":false,"template":"","format":"standard","meta":{"_acf_changed":false,"footnotes":""},"categories":[28,65],"tags":[],"class_list":["post-1624","post","type-post","status-publish","format-standard","has-post-thumbnail","hentry","category-biodiversidad","category-energia-es"],"acf":[],"_links":{"self":[{"href":"https:\/\/hernaniburujabe.eus\/es\/wp-json\/wp\/v2\/posts\/1624","targetHints":{"allow":["GET"]}}],"collection":[{"href":"https:\/\/hernaniburujabe.eus\/es\/wp-json\/wp\/v2\/posts"}],"about":[{"href":"https:\/\/hernaniburujabe.eus\/es\/wp-json\/wp\/v2\/types\/post"}],"author":[{"embeddable":true,"href":"https:\/\/hernaniburujabe.eus\/es\/wp-json\/wp\/v2\/users\/2"}],"replies":[{"embeddable":true,"href":"https:\/\/hernaniburujabe.eus\/es\/wp-json\/wp\/v2\/comments?post=1624"}],"version-history":[{"count":3,"href":"https:\/\/hernaniburujabe.eus\/es\/wp-json\/wp\/v2\/posts\/1624\/revisions"}],"predecessor-version":[{"id":1628,"href":"https:\/\/hernaniburujabe.eus\/es\/wp-json\/wp\/v2\/posts\/1624\/revisions\/1628"}],"wp:featuredmedia":[{"embeddable":true,"href":"https:\/\/hernaniburujabe.eus\/es\/wp-json\/wp\/v2\/media\/1618"}],"wp:attachment":[{"href":"https:\/\/hernaniburujabe.eus\/es\/wp-json\/wp\/v2\/media?parent=1624"}],"wp:term":[{"taxonomy":"category","embeddable":true,"href":"https:\/\/hernaniburujabe.eus\/es\/wp-json\/wp\/v2\/categories?post=1624"},{"taxonomy":"post_tag","embeddable":true,"href":"https:\/\/hernaniburujabe.eus\/es\/wp-json\/wp\/v2\/tags?post=1624"}],"curies":[{"name":"wp","href":"https:\/\/api.w.org\/{rel}","templated":true}]}}