{"id":2305,"date":"2025-11-19T11:59:24","date_gmt":"2025-11-19T10:59:24","guid":{"rendered":"https:\/\/hernaniburujabe.eus\/?p=2305"},"modified":"2025-11-19T11:59:24","modified_gmt":"2025-11-19T10:59:24","slug":"la-oficina-de-energia-se-traslada-a-goiz-eguzki-por-unos-dias","status":"publish","type":"post","link":"https:\/\/hernaniburujabe.eus\/es\/2025\/11\/19\/la-oficina-de-energia-se-traslada-a-goiz-eguzki-por-unos-dias\/","title":{"rendered":"La oficina de energ\u00eda se traslada a Goiz Eguzki por unos d\u00edas"},"content":{"rendered":"<section class=\"l-section wpb_row height_medium\"><div class=\"l-section-h i-cf\"><div class=\"g-cols vc_row via_flex valign_top type_default stacking_default\"><div class=\"vc_col-sm-12 wpb_column vc_column_container\"><div class=\"vc_column-inner\"><div class=\"wpb_wrapper\"><div class=\"wpb_text_column\"><div class=\"wpb_wrapper\"><p>El servicio de la oficina de energ\u00eda, ofrecido por la comunidad energ\u00e9tica Enherkom, se trasladar\u00e1 a Goiz Eguzki en las siguientes fechas: 25, 26 y 27 de noviembre, y 2, 3 y 4 de diciembre, desde las 10:00 a las 13:00. Para coger la cita, habr\u00e1 que avisar a la asociaci\u00f3n Goiz Eguzki.<\/p>\n<p>Tanto los y las miembras de la comunidad energ\u00e9tica como cualquier persona que tenga inter\u00e9s podr\u00e1 aprovechar la oportunidad para aclarar las dudas sobre temas de la energ\u00eda.<\/p>\n<\/div><\/div><\/div><\/div><\/div><\/div><\/div><\/section>\n","protected":false},"excerpt":{"rendered":"El servicio de la oficina de energ\u00eda, ofrecido por la comunidad energ\u00e9tica Enherkom, se trasladar\u00e1 a Goiz Eguzki en las siguientes fechas: 25, 26 y 27 de noviembre, y 2, 3 y 4 de diciembre, desde las 10:00 a las 13:00. Para coger la cita, habr\u00e1 que avisar a la asociaci\u00f3n Goiz Eguzki. Tanto los...","protected":false},"author":2,"featured_media":2304,"comment_status":"closed","ping_status":"closed","sticky":false,"template":"","format":"standard","meta":{"_acf_changed":false,"footnotes":""},"categories":[65],"tags":[],"class_list":["post-2305","post","type-post","status-publish","format-standard","has-post-thumbnail","hentry","category-energia-es"],"acf":[],"_links":{"self":[{"href":"https:\/\/hernaniburujabe.eus\/es\/wp-json\/wp\/v2\/posts\/2305","targetHints":{"allow":["GET"]}}],"collection":[{"href":"https:\/\/hernaniburujabe.eus\/es\/wp-json\/wp\/v2\/posts"}],"about":[{"href":"https:\/\/hernaniburujabe.eus\/es\/wp-json\/wp\/v2\/types\/post"}],"author":[{"embeddable":true,"href":"https:\/\/hernaniburujabe.eus\/es\/wp-json\/wp\/v2\/users\/2"}],"replies":[{"embeddable":true,"href":"https:\/\/hernaniburujabe.eus\/es\/wp-json\/wp\/v2\/comments?post=2305"}],"version-history":[{"count":1,"href":"https:\/\/hernaniburujabe.eus\/es\/wp-json\/wp\/v2\/posts\/2305\/revisions"}],"predecessor-version":[{"id":2306,"href":"https:\/\/hernaniburujabe.eus\/es\/wp-json\/wp\/v2\/posts\/2305\/revisions\/2306"}],"wp:featuredmedia":[{"embeddable":true,"href":"https:\/\/hernaniburujabe.eus\/es\/wp-json\/wp\/v2\/media\/2304"}],"wp:attachment":[{"href":"https:\/\/hernaniburujabe.eus\/es\/wp-json\/wp\/v2\/media?parent=2305"}],"wp:term":[{"taxonomy":"category","embeddable":true,"href":"https:\/\/hernaniburujabe.eus\/es\/wp-json\/wp\/v2\/categories?post=2305"},{"taxonomy":"post_tag","embeddable":true,"href":"https:\/\/hernaniburujabe.eus\/es\/wp-json\/wp\/v2\/tags?post=2305"}],"curies":[{"name":"wp","href":"https:\/\/api.w.org\/{rel}","templated":true}]}}