{"id":2373,"date":"2026-01-07T14:32:58","date_gmt":"2026-01-07T13:32:58","guid":{"rendered":"https:\/\/hernaniburujabe.eus\/?p=2373"},"modified":"2026-01-07T14:32:58","modified_gmt":"2026-01-07T13:32:58","slug":"ciclo-de-mesas-redondas-sobre-la-transicion-ecosocial","status":"publish","type":"post","link":"https:\/\/hernaniburujabe.eus\/es\/2026\/01\/07\/ciclo-de-mesas-redondas-sobre-la-transicion-ecosocial\/","title":{"rendered":"Ciclo de mesas redondas sobre la transici\u00f3n ecosocial"},"content":{"rendered":"<section class=\"l-section wpb_row height_medium\"><div class=\"l-section-h i-cf\"><div class=\"g-cols vc_row via_flex valign_top type_default stacking_default\"><div class=\"vc_col-sm-12 wpb_column vc_column_container\"><div class=\"vc_column-inner\"><div class=\"wpb_wrapper\"><div class=\"wpb_text_column\"><div class=\"wpb_wrapper\"><p>La TRANSICI\u00d3N ECOSOCIAL desde el territorio y el municipio, trabajaremos ambos puntos de vista en el ciclo de mesas redondas que realizaremos en enero. La primera tendr\u00e1 lugar el pr\u00f3ximo mi\u00e9rcoles, d\u00eda 14, en Biteri a las 18:30. Los ponentes ser\u00e1n Mart\u00edn Lallana, responsable de LAB para la transici\u00f3n ecosocial, y Josu Naveda, miembro de Goiener, que pondr\u00e1n el foco en la escala territorial.<\/p>\n<p>La segunda mesa redonda ser\u00e1 el 28 de enero, en el mismo lugar y a la misma hora. En esta sesi\u00f3n conoceremos el plan dise\u00f1ado por varios municipios para la transici\u00f3n ecosocial y, para ello, participar\u00e1n en la mesa redonda: el concejal de O\u00f1ati, Xabi Igartua; la alcaldesa de Orexa, Gurutze Etxezabal; el autor del informe Estrategia Energ\u00e9tica 2020 de Zumaia, Aitor Ossa, y el alcalde de Isaba, Carlos Anaut. Ambas sesiones estar\u00e1n dinamizados por Ana Galarraga, divulgadora cient\u00edfica de Elhuyar.<\/p>\n<p>Este cicle se organizar\u00e1 en el seno de Hernani Burujabe; concretamente, el grupo de trabajo que se cre\u00f3 para tratar el tema de las instalaciones e\u00f3licas que tienen previsto construir en el valle del Urumea. Por ello, las energ\u00edas renovables y la soberan\u00eda energ\u00e9tica tambi\u00e9n estar\u00e1n presentes en las charlas.<\/p>\n<\/div><\/div><\/div><\/div><\/div><\/div><\/div><\/section>\n","protected":false},"excerpt":{"rendered":"La TRANSICI\u00d3N ECOSOCIAL desde el territorio y el municipio, trabajaremos ambos puntos de vista en el ciclo de mesas redondas que realizaremos en enero. La primera tendr\u00e1 lugar el pr\u00f3ximo mi\u00e9rcoles, d\u00eda 14, en Biteri a las 18:30. Los ponentes ser\u00e1n Mart\u00edn Lallana, responsable de LAB para la transici\u00f3n ecosocial, y Josu Naveda, miembro de...","protected":false},"author":2,"featured_media":2371,"comment_status":"closed","ping_status":"closed","sticky":false,"template":"","format":"standard","meta":{"_acf_changed":false,"footnotes":""},"categories":[28,29],"tags":[],"class_list":["post-2373","post","type-post","status-publish","format-standard","has-post-thumbnail","hentry","category-biodiversidad","category-energia-2"],"acf":[],"_links":{"self":[{"href":"https:\/\/hernaniburujabe.eus\/es\/wp-json\/wp\/v2\/posts\/2373","targetHints":{"allow":["GET"]}}],"collection":[{"href":"https:\/\/hernaniburujabe.eus\/es\/wp-json\/wp\/v2\/posts"}],"about":[{"href":"https:\/\/hernaniburujabe.eus\/es\/wp-json\/wp\/v2\/types\/post"}],"author":[{"embeddable":true,"href":"https:\/\/hernaniburujabe.eus\/es\/wp-json\/wp\/v2\/users\/2"}],"replies":[{"embeddable":true,"href":"https:\/\/hernaniburujabe.eus\/es\/wp-json\/wp\/v2\/comments?post=2373"}],"version-history":[{"count":1,"href":"https:\/\/hernaniburujabe.eus\/es\/wp-json\/wp\/v2\/posts\/2373\/revisions"}],"predecessor-version":[{"id":2374,"href":"https:\/\/hernaniburujabe.eus\/es\/wp-json\/wp\/v2\/posts\/2373\/revisions\/2374"}],"wp:featuredmedia":[{"embeddable":true,"href":"https:\/\/hernaniburujabe.eus\/es\/wp-json\/wp\/v2\/media\/2371"}],"wp:attachment":[{"href":"https:\/\/hernaniburujabe.eus\/es\/wp-json\/wp\/v2\/media?parent=2373"}],"wp:term":[{"taxonomy":"category","embeddable":true,"href":"https:\/\/hernaniburujabe.eus\/es\/wp-json\/wp\/v2\/categories?post=2373"},{"taxonomy":"post_tag","embeddable":true,"href":"https:\/\/hernaniburujabe.eus\/es\/wp-json\/wp\/v2\/tags?post=2373"}],"curies":[{"name":"wp","href":"https:\/\/api.w.org\/{rel}","templated":true}]}}